[{"@context":"https:\/\/schema.org\/","@type":"Article","@id":"https:\/\/www.bonny.sk\/ako-rozdelime-priestory-v-malom-interieri\/#Article","mainEntityOfPage":"https:\/\/www.bonny.sk\/ako-rozdelime-priestory-v-malom-interieri\/","headline":"Ako rozdel\u00edme priestory v malom interi\u00e9ri?","name":"Ako rozdel\u00edme priestory v malom interi\u00e9ri?","description":"Mal\u00e9 priestory s\u00edce dok\u00e1\u017eu by\u0165 sympaticky \u00fatuln\u00e9, ale samozrejme predstavuj\u00fa aj svoje nev\u00fdhody. Napr\u00edklad ak &hellip; ","datePublished":"2020-09-20","dateModified":"2023-04-27","author":{"@type":"Person","@id":"https:\/\/www.bonny.sk\/author\/#Person","name":"","url":"https:\/\/www.bonny.sk\/author\/","identifier":1,"image":{"@type":"ImageObject","@id":"https:\/\/secure.gravatar.com\/avatar\/b72fc1bf1bf254b4118ef99c1da35a199f5a8e7c33c2166eae92618994df57ea?s=96&d=mm&r=g","url":"https:\/\/secure.gravatar.com\/avatar\/b72fc1bf1bf254b4118ef99c1da35a199f5a8e7c33c2166eae92618994df57ea?s=96&d=mm&r=g","height":96,"width":96}},"publisher":{"@type":"Organization","name":"bonny.sk","logo":{"@type":"ImageObject","@id":"\/logo.png","url":"\/logo.png","width":600,"height":60}},"image":{"@type":"ImageObject","@id":"https:\/\/www.bonny.sk\/wp-content\/uploads\/b%C3%BDvanie,%20miestnos%C5%A5.jpg","url":"https:\/\/www.bonny.sk\/wp-content\/uploads\/b%C3%BDvanie,%20miestnos%C5%A5.jpg","height":0,"width":0},"url":"https:\/\/www.bonny.sk\/ako-rozdelime-priestory-v-malom-interieri\/","video":{"@context":"http:\/\/schema.org\/","@type":"VideoObject","@id":"https:\/\/www.youtube.com\/watch?v=96L7UN3RpxQ#VideoObject","contentUrl":"https:\/\/www.youtube.com\/watch?v=96L7UN3RpxQ","name":"20 dokonal\u00fdch celosklen\u011bn\u00fdch st\u011bn","description":"St\u011bny a p\u0159\u00ed\u010dky ze skla p\u0159in\u00e1\u0161\u00ed do prostoru kr\u00e1su sv\u011btla a p\u0159itom prostor elegantn\u011b odd\u011bluj\u00ed. Vybrali jsme pro V\u00e1s ty nejkr\u00e1sn\u011bj\u0161\u00ed, kter\u00e9 jsme v uplynul\u00fdch letech realizovali.","thumbnailUrl":["https:\/\/i.ytimg.com\/vi\/96L7UN3RpxQ\/default.jpg","https:\/\/i.ytimg.com\/vi\/96L7UN3RpxQ\/mqdefault.jpg","https:\/\/i.ytimg.com\/vi\/96L7UN3RpxQ\/hqdefault.jpg","https:\/\/i.ytimg.com\/vi\/96L7UN3RpxQ\/sddefault.jpg","https:\/\/i.ytimg.com\/vi\/96L7UN3RpxQ\/maxresdefault.jpg"],"uploadDate":"2015-09-24T09:03:39+00:00","duration":"PT2M15S","embedUrl":"https:\/\/www.youtube.com\/embed\/96L7UN3RpxQ","publisher":{"@type":"Organization","@id":"https:\/\/www.youtube.com\/channel\/UCoql3-NWhbckJ2wDpcJc-dw#Organization","url":"https:\/\/www.youtube.com\/channel\/UCoql3-NWhbckJ2wDpcJc-dw","name":"VV SKLO s.r.o.","description":"Opracov\u00e1v\u00e1me sklo, vyr\u00e1b\u00edme kr\u00e1sn\u00e9 sklen\u011bn\u00e9 interi\u00e9ry a nezapom\u00edn\u00e1me p\u0159i tom ani na z\u00e1bavu:\n\nBijeme do skla kladivem a zkou\u0161\u00edme, co vydr\u017e\u00ed. Testujeme digit\u00e1ln\u00ed potisk na skle p\u0159i zah\u0159\u00e1t\u00ed na 300\u00b0 C. Nat\u00e1\u010d\u00edme, jak funguje kov\u00e1n\u00ed na celosklen\u011bn\u00e9 dve\u0159e a dal\u0161\u00ed v\u00fdrobky na\u0161\u00ed zna\u010dky STYLUS. P\u0159in\u00e1\u0161\u00edme V\u00e1m z\u00e1b\u011bry p\u0159\u00edmo z na\u0161\u00ed d\u00edlny - jak se \u0159e\u017ee sklo, jak se brous\u00ed, p\u00edskuje,...\n\nZkr\u00e1tka pracujeme se sklem ze v\u0161ech stran.","logo":{"url":"https:\/\/yt3.ggpht.com\/ytc\/AIdro_nrOlZ7JBbu9qpluLGi7cm_G97c-66XTRTn-altkzVzAl8=s800-c-k-c0x00ffffff-no-rj","width":800,"height":800,"@type":"ImageObject","@id":"https:\/\/www.youtube.com\/watch?v=96L7UN3RpxQ#VideoObject_publisher_logo_ImageObject"}},"potentialAction":{"@type":"SeekToAction","@id":"https:\/\/www.youtube.com\/watch?v=96L7UN3RpxQ#VideoObject_potentialAction","target":"https:\/\/www.youtube.com\/watch?v=96L7UN3RpxQ&t={seek_to_second_number}","startOffset-input":"required name=seek_to_second_number"},"interactionStatistic":[[{"@type":"InteractionCounter","@id":"https:\/\/www.youtube.com\/watch?v=96L7UN3RpxQ#VideoObject_interactionStatistic_WatchAction","interactionType":{"@type":"WatchAction"},"userInteractionCount":4622}],{"@type":"InteractionCounter","@id":"https:\/\/www.youtube.com\/watch?v=96L7UN3RpxQ#VideoObject_interactionStatistic_LikeAction","interactionType":{"@type":"LikeAction"},"userInteractionCount":3}]},"about":["Zdravie"],"wordCount":366,"articleBody":"      Mal\u00e9 priestory s\u00edce dok\u00e1\u017eu by\u0165 sympaticky \u00fatuln\u00e9, ale samozrejme predstavuj\u00fa aj svoje nev\u00fdhody. Napr\u00edklad ak ich chcete vz\u00e1jomne rozdeli\u0165 be\u017en\u00fdmi dverami. Je to zasa miesto navy\u0161e pri ich otv\u00e1ran\u00ed a pokia\u013e sa za tak\u00fdmito dverami nenach\u00e1dza miestnos\u0165 s oknami, v\u00fdsledkom tu m\u00f4\u017ee by\u0165 tmav\u00e9 a dusn\u00e9 prostredie. Nehovoriac o tom, \u017ee sa tu poriadne nebudeme m\u00f4c\u0165 ani pohn\u00fa\u0165, \u010di v pr\u00edpade z\u00e1ujmu ani umiestni\u0165 nejak\u00fa dekor\u00e1ciu. Bude to dos\u0165 obmedzen\u00e9 a preto si mus\u00edme dobre premyslie\u0165, \u010di a ako mal\u00e9 priestory vlastne oddel\u00edme.V takomto pr\u00edpade m\u00f4\u017eu by\u0165 funk\u010dn\u00fdm rie\u0161en\u00edm dvere s posuvn\u00fdm otv\u00e1ran\u00edm alebo posuvn\u00e9 prie\u010dky. Ako n\u00e1zov napoved\u00e1, v podstate ich pri otv\u00e1ran\u00ed zaka\u017ed\u00fdm len odtiahneme, respekt\u00edve posunieme do strany. Aj toto je sp\u00f4sob, ak\u00fdm sa d\u00e1 u\u0161etri\u0165 miesto. Tak\u00e1to mo\u017enos\u0165, \u010di\u017ee umiestnenie posuvn\u00fdch dver\u00ed alebo praktickej posuvnej prie\u010dky sa d\u00e1 vyu\u017ei\u0165 napr\u00edklad pri najbli\u017e\u0161ej rekon\u0161trukcii.Rozhodne by sme ale nemali zabudn\u00fa\u0165 pouk\u00e1za\u0165 aj na jednu zauj\u00edmav\u00fa mo\u017enos\u0165. Potrebn\u00e9 vlastnosti priestorom poskytuje sklenen\u00e1 stena. https:\/\/youtu.be\/96L7UN3RpxQHoci t\u00e1to je zn\u00e1ma sk\u00f4r z kancel\u00e1rskych interi\u00e9rov, trendy n\u00e1m jasne ukazuj\u00fa a hovoria, \u017ee doty\u010dn\u00fd doplnok sa m\u00f4\u017ee skvele hodi\u0165 aj do be\u017enej dom\u00e1cnosti. A to hlavne tam, kde potrebujete rozdeli\u0165 priestor na po\u017eadovan\u00e9 \u010dasti a vyhn\u00fa\u0165 sa pritom spomenut\u00fdm nepr\u00edjemnostiam.Nielen\u017ee m\u00e1 sklo schopnos\u0165 miestnosti opticky zv\u00e4\u010d\u0161i\u0165 a doda\u0165 im vzdu\u0161nos\u0165 a \u013eahkos\u0165, tento materi\u00e1l takisto prirodzene prep\u00fa\u0161\u0165a denn\u00e9 svetlo.Z toho n\u00e1sledne vypl\u00fdva, \u017ee rozdelen\u00e9 izby nebud\u00fa trpie\u0165 nedostatkom svetla a ani nedostatkom miesta, nako\u013eko vrav\u00edme o estetickej sklenenej stene. A to s\u00fa jej ocenite\u013en\u00e9 v\u00fdhody oproti robustne a nemotorne p\u00f4sobiacim star\u00fdm dver\u00e1m. Svoje vyu\u017eitie nach\u00e1dzaj\u00fa takisto v kancel\u00e1ri\u00e1ch, kde poskytuj\u00fa preh\u013eadnos\u0165, funk\u010dn\u00fa spojitos\u0165 a z\u00e1rove\u0148 dostato\u010dn\u00e9 s\u00fakromia spolo\u010dne s izol\u00e1ciou hluku.                                                                                                                                                                                                                                                                                                                                                                                          3.8\/5 - (18 votes)        "},{"@context":"https:\/\/schema.org\/","@type":"BreadcrumbList","itemListElement":[{"@type":"ListItem","position":1,"name":"Ako rozdel\u00edme priestory v malom interi\u00e9ri?","item":"https:\/\/www.bonny.sk\/ako-rozdelime-priestory-v-malom-interieri\/#breadcrumbitem"}]}]